{"id":6331,"date":"2024-09-24T07:55:11","date_gmt":"2024-09-24T07:55:11","guid":{"rendered":"https:\/\/danubecare.uns.ac.rs\/?p=6331"},"modified":"2024-09-24T07:57:19","modified_gmt":"2024-09-24T07:57:19","slug":"predstojeci-dogadaj-evropska-noc-istrazivaca","status":"publish","type":"post","link":"https:\/\/danubecare.uns.ac.rs\/sr\/predstojeci-dogadaj-evropska-noc-istrazivaca\/","title":{"rendered":"Predstoje\u0107i doga\u0111aj: Evropska no\u0107 istra\u017eiva\u010da!"},"content":{"rendered":"<p>DANUBEcare tim najavljuje svoje u\u010de\u0161\u0107e u Evropskoj no\u0107i istra\u017eiva\u010da, koja \u0107e se odr\u017eati u BIG-u Novi Sad, 27. septembra od 16:00 do 22:00 h. Ovaj doga\u0111aj predstavlja jedinstvenu priliku javnosti da sazna vi\u0161e o uticaju bodljobradog raka (<em>Faxonius limosus<\/em>) na ekosistem Dunava.<\/p>\n<p>Tokom doga\u0111aja, DANUBEcare tim \u0107e podeliti svoja otkri\u0107a i inovativne strategije usmerene na re\u0161avanje ovog ekolo\u0161kog izazova, nagla\u0161avaju\u0107i kako se to mo\u017ee pretvoriti u odr\u017eivu priliku za budu\u0107nost. Ovo \u0107e tako\u0111e prilika da se podigne svest me\u0111u gra\u0111anima o va\u017enosti i pozitivnoj ulozi nauke i nau\u010dne zajednice, inspiri\u0161u\u0107i novu generaciju nau\u010dnika me\u0111u na\u0161im najmla\u0111im posetiocima.<\/p>\n<p>DANUBEcare tim poziva sve da im se pridru\u017ee na ve\u010deri otkri\u0107a i nau\u010dne saradnje!<\/p>\n<p>&nbsp;<\/p>\n","protected":false},"excerpt":{"rendered":"<p>DANUBEcare tim najavljuje svoje u\u010de\u0161\u0107e u Evropskoj no\u0107i istra\u017eiva\u010da, koja \u0107e se odr\u017eati u BIG-u Novi Sad, 27. septembra od 16:00 do 22:00 h. Ovaj doga\u0111aj predstavlja jedinstvenu priliku javnosti da sazna vi\u0161e o uticaju bodljobradog raka (Faxonius limosus) na ekosistem Dunava. Tokom doga\u0111aja, DANUBEcare tim \u0107e podeliti svoja otkri\u0107a i inovativne strategije usmerene na re\u0161avanje ovog ekolo\u0161kog izazova, nagla\u0161avaju\u0107i kako se to mo\u017ee pretvoriti u odr\u017eivu priliku za budu\u0107nost. Ovo \u0107e tako\u0111e prilika da se podigne svest me\u0111u gra\u0111anima o va\u017enosti i pozitivnoj ulozi nauke i nau\u010dne zajednice, inspiri\u0161u\u0107i novu generaciju nau\u010dnika me\u0111u na\u0161im najmla\u0111im posetiocima. DANUBEcare tim poziva sve da im se pridru\u017ee na ve\u010deri otkri\u0107a i nau\u010dne saradnje! &nbsp;<\/p>\n","protected":false},"author":2,"featured_media":6329,"comment_status":"open","ping_status":"open","sticky":false,"template":"","format":"standard","meta":{"_acf_changed":false,"inline_featured_image":false,"footnotes":""},"categories":[34],"tags":[],"class_list":["post-6331","post","type-post","status-publish","format-standard","has-post-thumbnail","hentry","category-vesti-i-medija"],"acf":[],"_links":{"self":[{"href":"https:\/\/danubecare.uns.ac.rs\/sr\/wp-json\/wp\/v2\/posts\/6331","targetHints":{"allow":["GET"]}}],"collection":[{"href":"https:\/\/danubecare.uns.ac.rs\/sr\/wp-json\/wp\/v2\/posts"}],"about":[{"href":"https:\/\/danubecare.uns.ac.rs\/sr\/wp-json\/wp\/v2\/types\/post"}],"author":[{"embeddable":true,"href":"https:\/\/danubecare.uns.ac.rs\/sr\/wp-json\/wp\/v2\/users\/2"}],"replies":[{"embeddable":true,"href":"https:\/\/danubecare.uns.ac.rs\/sr\/wp-json\/wp\/v2\/comments?post=6331"}],"version-history":[{"count":2,"href":"https:\/\/danubecare.uns.ac.rs\/sr\/wp-json\/wp\/v2\/posts\/6331\/revisions"}],"predecessor-version":[{"id":6334,"href":"https:\/\/danubecare.uns.ac.rs\/sr\/wp-json\/wp\/v2\/posts\/6331\/revisions\/6334"}],"wp:featuredmedia":[{"embeddable":true,"href":"https:\/\/danubecare.uns.ac.rs\/sr\/wp-json\/wp\/v2\/media\/6329"}],"wp:attachment":[{"href":"https:\/\/danubecare.uns.ac.rs\/sr\/wp-json\/wp\/v2\/media?parent=6331"}],"wp:term":[{"taxonomy":"category","embeddable":true,"href":"https:\/\/danubecare.uns.ac.rs\/sr\/wp-json\/wp\/v2\/categories?post=6331"},{"taxonomy":"post_tag","embeddable":true,"href":"https:\/\/danubecare.uns.ac.rs\/sr\/wp-json\/wp\/v2\/tags?post=6331"}],"curies":[{"name":"wp","href":"https:\/\/api.w.org\/{rel}","templated":true}]}}